{"id":89,"date":"2012-01-23T22:17:00","date_gmt":"2012-01-23T22:17:00","guid":{"rendered":"http:\/\/www.pensamentosdesabedoria.com\/index.php\/2012\/01\/23\/ave-maria-2\/"},"modified":"2015-09-04T03:13:22","modified_gmt":"2015-09-04T03:13:22","slug":"ave-maria-2","status":"publish","type":"post","link":"https:\/\/www.pensamentosdesabedoria.com\/index.php\/2012\/01\/23\/ave-maria-2\/","title":{"rendered":"Ave Maria!"},"content":{"rendered":"<p><a href=\"http:\/\/2.bp.blogspot.com\/-nEt78WtNfYw\/TlEMqdZVa2I\/AAAAAAAADQU\/dUG7mUe55zE\/s1600\/maria-bxk14124_papel-de-parede800.jpg\" onblur=\"try {parent.deselectBloggerImageGracefully();} catch(e) {}\"><img decoding=\"async\" alt=\"\" border=\"0\" src=\"http:\/\/www.pensamentosdesabedoria.com\/wp-content\/uploads\/2012\/01\/maria-bxk14124_papel-de-parede800.jpg\" id=\"BLOGGER_PHOTO_ID_5643305731656870754\" style=\"cursor: hand; display: block; height: 300px; margin: 0px auto 10px; text-align: center; width: 400px;\" \/><\/a><\/p>\n<p>Na hora da afli\u00e7\u00e3o clamamos por Maria, a m\u00e3e de Jesus! Fa\u00e7o aqui uma singela homenagem \u00c0quela que nos atende, que intercede por n\u00f3s! Paz e bem!<\/p>\n<p>\nVoz linda do grupo Celtic Woman, confira:<\/p>\n<div style=\"text-align: center;\">\n<\/div>\n<p>\nAve Maria<br \/>\nGratia plena<br \/>\nDominus tecum<br \/>\nBenedicta tu<br \/>\nIn mulieribus et benedictus<br \/>\nFructus ventri tui Jesus<br \/>\nSancta Maria<br \/>\nSancta Maria Maria<br \/>\nOra pro nobis<br \/>\nNobis pecatoribus<br \/>\nNunc et in hora<br \/>\nOra mortis nostrae<br \/>\nAm\u00e9m<br \/>\nAm\u00e9m<\/p>\n<div style=\"padding-bottom:20px; padding-top:10px;\" class=\"hupso-share-buttons\"><!-- Hupso Share Buttons - http:\/\/www.hupso.com\/share\/ --><a class=\"hupso_toolbar\" href=\"http:\/\/www.hupso.com\/share\/\"><img decoding=\"async\" src=\"https:\/\/static.hupso.com\/share\/buttons\/share-medium.png\" style=\"border:0px; padding-top:5px; float:left;\" alt=\"Share\"\/><\/a><script type=\"text\/javascript\">var hupso_services_t=new Array(\"Twitter\",\"Facebook\",\"Google Plus\",\"Linkedin\",\"StumbleUpon\",\"Digg\",\"Reddit\",\"Bebo\",\"Delicious\"); var hupso_toolbar_size_t=\"medium\";var hupso_url_t=\"\";var hupso_title_t=\"Ave Maria!\";<\/script><script type=\"text\/javascript\" src=\"https:\/\/static.hupso.com\/share\/js\/share_toolbar.js\"><\/script><!-- Hupso Share Buttons --><\/div>","protected":false},"excerpt":{"rendered":"<p>Na hora da afli\u00e7\u00e3o clamamos por Maria, a m\u00e3e de Jesus! Fa\u00e7o aqui uma singela homenagem \u00c0quela que nos atende, que intercede por n\u00f3s! Paz e bem! Voz linda do grupo Celtic Woman, confira: Ave Maria Gratia plena Dominus tecum Benedicta tu In mulieribus et benedictus Fructus ventri tui Jesus Sancta Maria Sancta Maria Maria &hellip; <\/p>\n<p class=\"link-more\"><a href=\"https:\/\/www.pensamentosdesabedoria.com\/index.php\/2012\/01\/23\/ave-maria-2\/\" class=\"more-link\">Continue lendo<span class=\"screen-reader-text\"> &#8220;Ave Maria!&#8221;<\/span><\/a><\/p>\n<div style=\"padding-bottom:20px; padding-top:10px;\" class=\"hupso-share-buttons\"><!-- Hupso Share Buttons - http:\/\/www.hupso.com\/share\/ --><a class=\"hupso_toolbar\" href=\"http:\/\/www.hupso.com\/share\/\"><img src=\"https:\/\/static.hupso.com\/share\/buttons\/share-medium.png\" style=\"border:0px; padding-top:5px; float:left;\" alt=\"Share\"\/><\/a><script type=\"text\/javascript\">var hupso_services_t=new Array(\"Twitter\",\"Facebook\",\"Google Plus\",\"Linkedin\",\"StumbleUpon\",\"Digg\",\"Reddit\",\"Bebo\",\"Delicious\"); var hupso_toolbar_size_t=\"medium\";var hupso_url_t=\"\";var hupso_title_t=\"Ave Maria!\";<\/script><script type=\"text\/javascript\" src=\"https:\/\/static.hupso.com\/share\/js\/share_toolbar.js\"><\/script><!-- Hupso Share Buttons --><\/div>","protected":false},"author":1,"featured_media":313,"comment_status":"open","ping_status":"open","sticky":false,"template":"","format":"standard","meta":{"footnotes":""},"categories":[1],"tags":[63,64,200,65,66],"class_list":["post-89","post","type-post","status-publish","format-standard","has-post-thumbnail","hentry","category-uncategorized","tag-ave-maria-em-latim","tag-celtic-woman","tag-intercessao-da-virgem","tag-maria-santissima","tag-nossa-senhora"],"_links":{"self":[{"href":"https:\/\/www.pensamentosdesabedoria.com\/index.php\/wp-json\/wp\/v2\/posts\/89","targetHints":{"allow":["GET"]}}],"collection":[{"href":"https:\/\/www.pensamentosdesabedoria.com\/index.php\/wp-json\/wp\/v2\/posts"}],"about":[{"href":"https:\/\/www.pensamentosdesabedoria.com\/index.php\/wp-json\/wp\/v2\/types\/post"}],"author":[{"embeddable":true,"href":"https:\/\/www.pensamentosdesabedoria.com\/index.php\/wp-json\/wp\/v2\/users\/1"}],"replies":[{"embeddable":true,"href":"https:\/\/www.pensamentosdesabedoria.com\/index.php\/wp-json\/wp\/v2\/comments?post=89"}],"version-history":[{"count":1,"href":"https:\/\/www.pensamentosdesabedoria.com\/index.php\/wp-json\/wp\/v2\/posts\/89\/revisions"}],"predecessor-version":[{"id":314,"href":"https:\/\/www.pensamentosdesabedoria.com\/index.php\/wp-json\/wp\/v2\/posts\/89\/revisions\/314"}],"wp:featuredmedia":[{"embeddable":true,"href":"https:\/\/www.pensamentosdesabedoria.com\/index.php\/wp-json\/wp\/v2\/media\/313"}],"wp:attachment":[{"href":"https:\/\/www.pensamentosdesabedoria.com\/index.php\/wp-json\/wp\/v2\/media?parent=89"}],"wp:term":[{"taxonomy":"category","embeddable":true,"href":"https:\/\/www.pensamentosdesabedoria.com\/index.php\/wp-json\/wp\/v2\/categories?post=89"},{"taxonomy":"post_tag","embeddable":true,"href":"https:\/\/www.pensamentosdesabedoria.com\/index.php\/wp-json\/wp\/v2\/tags?post=89"}],"curies":[{"name":"wp","href":"https:\/\/api.w.org\/{rel}","templated":true}]}}